{"id":18701688,"date":"2026-08-28T12:39:27","date_gmt":"2026-08-28T12:39:27","guid":{"rendered":"https:\/\/jarokelo.hu\/blog\/?p=18701688"},"modified":"2026-08-28T12:47:12","modified_gmt":"2026-08-28T12:47:12","slug":"szalai-kriszta-interju","status":"publish","type":"post","link":"https:\/\/jarokelo.hu\/blog\/szalai-kriszta-interju\/","title":{"rendered":"Csapathoz tartoz\u00e1s, j\u00f3 \u00fcgy\u00e9rt dolgoz\u00e1s \u00e9s hogy minden egyes gombnyom\u00e1ssal egy szebb, \u00e9lhet\u0151bb v\u00e1ros\u00e9rt dolgozhatok. &#8211; Interj\u00fa Szalai Kriszta projektmenedzserrel"},"content":{"rendered":"\t\t<div data-elementor-type=\"wp-post\" data-elementor-id=\"18701688\" class=\"elementor elementor-18701688\">\n\t\t\t\t\t\t<section class=\"elementor-section elementor-top-section elementor-element elementor-element-f81948c elementor-section-boxed elementor-section-height-default elementor-section-height-default\" data-id=\"f81948c\" data-element_type=\"section\" data-e-type=\"section\">\n\t\t\t\t\t\t<div class=\"elementor-container elementor-column-gap-default\">\n\t\t\t\t\t<div class=\"elementor-column elementor-col-100 elementor-top-column elementor-element elementor-element-14d0d0c\" data-id=\"14d0d0c\" data-element_type=\"column\" data-e-type=\"column\">\n\t\t\t<div class=\"elementor-widget-wrap elementor-element-populated\">\n\t\t\t\t\t\t<div class=\"elementor-element elementor-element-03f75bf elementor-widget elementor-widget-text-editor\" data-id=\"03f75bf\" data-element_type=\"widget\" data-e-type=\"widget\" data-widget_type=\"text-editor.default\">\n\t\t\t\t<div class=\"elementor-widget-container\">\n\t\t\t\t\t\t\t\t\t<h5>Kriszta projektmenedzser, szervezetfejleszt\u0151, aki 2018 \u0151sze \u00f3ta a J\u00e1r\u00f3kel\u0151 \u00f6nk\u00e9ntese, az \u00fcgykezel\u00e9s ut\u00e1n pedig j\u00faniust\u00f3l projektmenedzserk\u00e9nt er\u0151s\u00edti csapatunkat. Kriszta a J\u00e1r\u00f3kel\u0151 mellett sz\u00e1mos, els\u0151sorban budapesti \u00fcgyben is \u00f6nk\u00e9nteskedik.<\/h5>\t\t\t\t\t\t\t\t<\/div>\n\t\t\t\t<\/div>\n\t\t\t\t<div class=\"elementor-element elementor-element-065bc3c elementor-widget elementor-widget-text-editor\" data-id=\"065bc3c\" data-element_type=\"widget\" data-e-type=\"widget\" data-widget_type=\"text-editor.default\">\n\t\t\t\t<div class=\"elementor-widget-container\">\n\t\t\t\t\t\t\t\t\t<h6><b>Ha h\u00e1rom sz\u00f3ban<\/b><b> kellene jellemezned magad, mik lenn\u00e9nek azok, \u00e9s ebb\u0151l melyik tulajdons\u00e1godnak vetted a legt\u00f6bb haszn\u00e1t az \u00fcgykezel\u00e9s sor\u00e1n?<\/b><\/h6><p><span style=\"font-weight: 400;\">Elk\u00f6telezetts\u00e9g, eredm\u00e9nyorient\u00e1ci\u00f3, kreativit\u00e1s. Az elk\u00f6telezetts\u00e9gre volt, van legt\u00f6bbsz\u00f6r sz\u00fcks\u00e9g, k\u00fcl\u00f6n\u00f6sen, amikor nagyon sok a kezelend\u0151 bejelent\u00e9s, v\u00e1lasz \u00e9s visszajelz\u00e9s.<\/span><\/p>\t\t\t\t\t\t\t\t<\/div>\n\t\t\t\t<\/div>\n\t\t\t\t<div class=\"elementor-element elementor-element-f0426d0 elementor-widget elementor-widget-text-editor\" data-id=\"f0426d0\" data-element_type=\"widget\" data-e-type=\"widget\" data-widget_type=\"text-editor.default\">\n\t\t\t\t<div class=\"elementor-widget-container\">\n\t\t\t\t\t\t\t\t\t<h6><b>Nyolc \u00e9v rengeteg id\u0151. Fel tudsz id\u00e9zni egy olyan abszurd vagy \u00e9pp rendk\u00edv\u00fcl sz\u00edvmelenget\u0151 lakoss\u00e1gi bejelent\u00e9st, ami \u00f6r\u00f6kre megmarad eml\u00e9kk\u00e9nt?<\/b><\/h6><p><span style=\"font-weight: 400;\">A legabszurdabb bejelent\u00e9s egy bejelent\u00e9s sorozat volt, amivel tal\u00e1lkoztam. A Damjanich utca k\u00f6rny\u00e9k\u00e9n hetekig volt egy bejelent\u0151nk, aki egyes\u00e9vel jelentett be minden kutyapiszkot.\u00a0<\/span><\/p>\t\t\t\t\t\t\t\t<\/div>\n\t\t\t\t<\/div>\n\t\t\t\t<div class=\"elementor-element elementor-element-088712d elementor-widget elementor-widget-text-editor\" data-id=\"088712d\" data-element_type=\"widget\" data-e-type=\"widget\" data-widget_type=\"text-editor.default\">\n\t\t\t\t<div class=\"elementor-widget-container\">\n\t\t\t\t\t\t\t\t\t<h6><b>Ha a J\u00e1r\u00f3kel\u0151 cs<\/b><b>apata egy szuperh\u0151s-sz\u00f6vets\u00e9g lenne, mi volt az \u00fcgykezel\u0151i \u201eszuperk\u00e9pess\u00e9ged\u201d, \u00e9s mi lesz az \u00faj, projektmenedzseri fegyvered?<\/b><\/h6><p><span style=\"font-weight: 400;\">A kitart\u00e1som \u00e9s az, hogy fel tudtam m\u00e9rni a saj\u00e1t hat\u00e1raimat. T\u00f6bbsz\u00f6r is el\u0151fordult, hogy igen sok volt a bejelent\u00e9s m\u00e9g a nap v\u00e9g\u00e9n is, ilyenkor a csapat k\u00e9pess\u00e9geit \u00e9s rugalmass\u00e1g\u00e1t is haszn\u00e1lva tudtam beh\u00edvni t\u00e1mogat\u00e1st, ha \u00e9ppen \u00fagy volt sz\u00fcks\u00e9ges, de \u201cb\u00e1rmeddig\u201d is k\u00e9pes vagyok vinni a feladatokat, ha \u00e9ppen nincs m\u00e1s beugr\u00f3.\u00a0<\/span><\/p><p><span style=\"font-weight: 400;\">Projektmenedzserk\u00e9nt pont ugyanebben \u00e9rzem magam j\u00f3nak: egyik\u00fcnk sem tud mindent \u00e9s megoldani mindent, \u00e9ppen az a feladat, hogy megtal\u00e1ljuk az adott feladatokra a megfelel\u0151 kompetenci\u00e1t, \u00f6ssze\u00e1lljon az a csapat, aki egy\u00fcttes er\u0151vel m\u00e1r megbirk\u00f3zik a kih\u00edv\u00e1sokkal.\u00a0<\/span><\/p>\t\t\t\t\t\t\t\t<\/div>\n\t\t\t\t<\/div>\n\t\t\t\t<div class=\"elementor-element elementor-element-d5d60e9 elementor-widget elementor-widget-image\" data-id=\"d5d60e9\" data-element_type=\"widget\" data-e-type=\"widget\" data-widget_type=\"image.default\">\n\t\t\t\t<div class=\"elementor-widget-container\">\n\t\t\t\t\t\t\t\t\t\t\t\t\t\t\t<img fetchpriority=\"high\" decoding=\"async\" width=\"640\" height=\"427\" src=\"https:\/\/jarokelo.hu\/blog\/wp-content\/uploads\/2026\/08\/Kriszta_kicsi_004-1024x683.jpg\" class=\"attachment-large size-large wp-image-18701690\" alt=\"\" srcset=\"https:\/\/jarokelo.hu\/blog\/wp-content\/uploads\/2026\/08\/Kriszta_kicsi_004-1024x683.jpg 1024w, https:\/\/jarokelo.hu\/blog\/wp-content\/uploads\/2026\/08\/Kriszta_kicsi_004-300x200.jpg 300w, https:\/\/jarokelo.hu\/blog\/wp-content\/uploads\/2026\/08\/Kriszta_kicsi_004-768x512.jpg 768w, https:\/\/jarokelo.hu\/blog\/wp-content\/uploads\/2026\/08\/Kriszta_kicsi_004-1536x1024.jpg 1536w, https:\/\/jarokelo.hu\/blog\/wp-content\/uploads\/2026\/08\/Kriszta_kicsi_004.jpg 2048w\" sizes=\"(max-width: 640px) 100vw, 640px\" \/>\t\t\t\t\t\t\t\t\t\t\t\t\t\t\t<\/div>\n\t\t\t\t<\/div>\n\t\t\t\t<div class=\"elementor-element elementor-element-a1fb851 elementor-widget elementor-widget-text-editor\" data-id=\"a1fb851\" data-element_type=\"widget\" data-e-type=\"widget\" data-widget_type=\"text-editor.default\">\n\t\t\t\t<div class=\"elementor-widget-container\">\n\t\t\t\t\t\t\t\t\t<h6><b>Mi volt az a bels\u0151 hajt\u00f3er\u0151, ami 2018 \u00f3ta, a sz\u00fcrk\u00e9bb h\u00e9tk\u00f6znapokon is a monitor el\u0151tt tartott, hogy \u00f6nk\u00e9ntesen egyengesd a v\u00e1ros \u00fcgyeit?<\/b><\/h6><p><span style=\"font-weight: 400;\">A csapathoz tartoz\u00e1s, a j\u00f3 \u00fcgy\u00e9rt dolgoz\u00e1s \u00e9s az, hogy mindenkivel \u00e9s minden egyes gombnyom\u00e1ssal egy szebb, \u00e9lhet\u0151bb v\u00e1ros\u00e9rt dolgozhatok.\u00a0<\/span><\/p>\t\t\t\t\t\t\t\t<\/div>\n\t\t\t\t<\/div>\n\t\t\t\t<div class=\"elementor-element elementor-element-e4c45a4 elementor-widget elementor-widget-text-editor\" data-id=\"e4c45a4\" data-element_type=\"widget\" data-e-type=\"widget\" data-widget_type=\"text-editor.default\">\n\t\t\t\t<div class=\"elementor-widget-container\">\n\t\t\t\t\t\t\t\t\t<h6><b>Hogyan v\u00e1ltozott meg a saj\u00e1t viszonyod a v\u00e1roshoz (\u00e9s a b\u00fcrokr\u00e1ci\u00e1hoz), ami\u00f3ta a J\u00e1r\u00f3kel\u0151 csapat\u00e1t er\u0151s\u00edted?<\/b><\/h6><p><span style=\"font-weight: 400;\">Sok az \u00e1llamigazgat\u00e1sban szerzett tapasztalatom a f\u0151\u00e1ll\u00e1saim r\u00e9v\u00e9n \u00edgy maga a b\u00fcrokr\u00e1cia ismer\u0151s volt. Az, hogy sokkal t\u00f6bbet tudok a v\u00e1ros m\u0171k\u00f6d\u00e9s\u00e9r\u0151l sokat seg\u00edtett abban, hogy t\u00fcrelmesebb \u00e9s toler\u00e1nsabb legyek azzal, hogy egy-egy \u00fcgy mi\u00e9rt vagy \u00e9ppen mi\u00e9rt nem old\u00f3dik meg, mi\u00e9rt tart adott esetben minden elk\u00e9pzelhet\u0151n\u00e9l hosszabban a megold\u00e1s. Maga az \u00fcgyekezel\u00e9s pedig arra vil\u00e1g\u00edtott r\u00e1, amit persze m\u00e1shonnan m\u00e1r sokszor tapasztaltam: nem vagyunk egyform\u00e1k. Ami nekem nem probl\u00e9ma, az m\u00e1snak lehet az, ami nekem bosszant\u00f3 az pedig esetleg m\u00e1st nem \u00e9rdekel.\u00a0<\/span><\/p><p><span style=\"font-weight: 400;\">Mindk\u00e9t tapasztalat \u00e9s meg\u00e9l\u00e9s csak m\u00e9g elk\u00f6telezettebb\u00e9 tett annak \u00e9rdek\u00e9ben, hogy seg\u00edtsem a k\u00f6lcs\u00f6n\u00f6s meg\u00e9rt\u00e9st a felek k\u00f6zt \u00e9s egyre jobban v\u00e1gyom arra, hogy szervezeti, m\u0171k\u00f6d\u00e9si szinten, a v\u00e1roslak\u00f3k bevon\u00e1sa mellett lehessen egy\u00fctt gondolkodni a v\u00e1rosunk integr\u00e1lt fejleszt\u00e9sr\u0151l \u00e9s fenntart\u00e1s\u00e1r\u00f3l. Rengeteg a hat\u00e9konys\u00e1g jav\u00edt\u00e1si lehet\u0151s\u00e9g.<\/span><\/p>\t\t\t\t\t\t\t\t<\/div>\n\t\t\t\t<\/div>\n\t\t\t\t<div class=\"elementor-element elementor-element-b67d10f elementor-widget elementor-widget-text-editor\" data-id=\"b67d10f\" data-element_type=\"widget\" data-e-type=\"widget\" data-widget_type=\"text-editor.default\">\n\t\t\t\t<div class=\"elementor-widget-container\">\n\t\t\t\t\t\t\t\t\t<h6><b>Mi\u00e9rt \u00e9rezted \u00fagy, hogy most j\u00f6tt el az ideje a szintl\u00e9p\u00e9snek, \u00e9s az operat\u00edv \u00fcgykezel\u00e9s helyett PM-k\u00e9nt szeretn\u00e9d t\u00e1mogatni a csapatot?<\/b><\/h6><p><span style=\"font-weight: 400;\">R\u00e9g\u00f3ta voltak m\u00e1r erre vonatkoz\u00f3 tervek. Most j\u00f6tt el az az id\u0151, hogy a f\u0151tev\u00e9kenys\u00e9gem mellett tudtam neki szak\u00edtani id\u0151t \u00e9s a J\u00e1r\u00f3kel\u0151ben is megvannak a felt\u00e9telei annak, hogy ezen a m\u00f3don is kapcsol\u00f3djunk.\u00a0<\/span><\/p>\t\t\t\t\t\t\t\t<\/div>\n\t\t\t\t<\/div>\n\t\t\t\t<div class=\"elementor-element elementor-element-bae0d41 elementor-widget elementor-widget-text-editor\" data-id=\"bae0d41\" data-element_type=\"widget\" data-e-type=\"widget\" data-widget_type=\"text-editor.default\">\n\t\t\t\t<div class=\"elementor-widget-container\">\n\t\t\t\t\t\t\t\t\t<h6><b>Mi lesz sz\u00e1modra a legnagyobb v\u00e1lt\u00e1s vagy kih\u00edv\u00e1s projektmenedzserk\u00e9nt az eddig megszokott rutinhoz k\u00e9pest?<\/b><\/h6><p><span style=\"font-weight: 400;\">Teljesen m\u00e1st fogok csin\u00e1lni a J\u00e1r\u00f3kel\u0151ben, mint eddig. M\u00e9g kialakul, hogy \u00fcgykezel\u0151k\u00e9nt is meddig tudok r\u00e9szt venni a feladatokban. Maga a projektmenedzsment ismer\u0151s terep a sz\u00e1momra \u00e9s a szervezeti k\u00f6rnyezet is. J\u00f3 lesz k\u00f6zelebbr\u0151l is l\u00e1tni, amit eddig eggyel t\u00e1volabbr\u00f3l mindig is csod\u00e1ltam: azt az elk\u00f6telezetts\u00e9get \u00e9s profizmust, ami m\u0171k\u00f6dteti ezt a csapatot \u00e9vek \u00f3ta.\u00a0<\/span><\/p>\t\t\t\t\t\t\t\t<\/div>\n\t\t\t\t<\/div>\n\t\t\t\t<div class=\"elementor-element elementor-element-e77bf20 elementor-widget elementor-widget-image\" data-id=\"e77bf20\" data-element_type=\"widget\" data-e-type=\"widget\" data-widget_type=\"image.default\">\n\t\t\t\t<div class=\"elementor-widget-container\">\n\t\t\t\t\t\t\t\t\t\t\t\t\t\t\t<img decoding=\"async\" width=\"640\" height=\"427\" src=\"https:\/\/jarokelo.hu\/blog\/wp-content\/uploads\/2026\/08\/Kriszta_kicsi_002-1024x683.jpg\" class=\"attachment-large size-large wp-image-18701691\" alt=\"\" srcset=\"https:\/\/jarokelo.hu\/blog\/wp-content\/uploads\/2026\/08\/Kriszta_kicsi_002-1024x683.jpg 1024w, https:\/\/jarokelo.hu\/blog\/wp-content\/uploads\/2026\/08\/Kriszta_kicsi_002-300x200.jpg 300w, https:\/\/jarokelo.hu\/blog\/wp-content\/uploads\/2026\/08\/Kriszta_kicsi_002-768x512.jpg 768w, https:\/\/jarokelo.hu\/blog\/wp-content\/uploads\/2026\/08\/Kriszta_kicsi_002-1536x1024.jpg 1536w, https:\/\/jarokelo.hu\/blog\/wp-content\/uploads\/2026\/08\/Kriszta_kicsi_002.jpg 2048w\" sizes=\"(max-width: 640px) 100vw, 640px\" \/>\t\t\t\t\t\t\t\t\t\t\t\t\t\t\t<\/div>\n\t\t\t\t<\/div>\n\t\t\t\t<div class=\"elementor-element elementor-element-7968ea3 elementor-widget elementor-widget-text-editor\" data-id=\"7968ea3\" data-element_type=\"widget\" data-e-type=\"widget\" data-widget_type=\"text-editor.default\">\n\t\t\t\t<div class=\"elementor-widget-container\">\n\t\t\t\t\t\t\t\t\t<h6><b>Ha kapn\u00e1l egy k\u00e9pzeletbeli \u201eJ\u00e1r\u00f3kel\u0151 var\u00e1zsp\u00e1lc\u00e1t\u201d, mi lenne az az egy konkr\u00e9t projekt vagy ter\u00fclet a <\/b><b>szervezeten bel\u00fcl, amit \u00faj PM-k\u00e9nt azonnal gaty\u00e1ba r\u00e1zn\u00e1l vagy meg\u00faj\u00edtan\u00e1l?<\/b><\/h6><p><span style=\"font-weight: 400;\">Civil szervezetk\u00e9nt sz\u00e1momra az alapk\u00e9rd\u00e9s, hogy a m\u0171k\u00f6d\u00e9si biztons\u00e1g k\u00f6z\u00e9p \u00e9s hossz\u00fa t\u00e1von is meglegyen. A J\u00e1r\u00f3kel\u0151 is egy olyan szervezet, ahol n\u00e9h\u00e1nyan dolgoznak munkav\u00e1llal\u00f3k\u00e9nt \u00e9s igen sokan \u00f6nk\u00e9ntesk\u00e9nt els\u0151sorban szakmai elhivatotts\u00e1g miatt olyan feladatokon, aminek az eredm\u00e9ny\u00e9t egy t\u00e1g k\u00f6z\u00f6ns\u00e9g \u00e9lvezi. Var\u00e1zsp\u00e1lc\u00e1val pomp\u00e1s lenne megoldani azt, hogy ne legyen k\u00e9rd\u00e9s, hogy a tev\u00e9kenys\u00e9g v\u00e9gezhet\u0151, mert a m\u0171k\u00f6d\u00e9si felt\u00e9telek fenn\u00e1llnak, mindaddig, am\u00edg a lelkesed\u00e9s is megvan. Szerencs\u00e9re \u00e9ppen egy olyan feladatba cs\u00f6ppenek bele most projektmenedzserk\u00e9nt, ahol ez\u00e9rt k\u00f6zvetlen\u00fcl is tudok tenni.<\/span><\/p>\t\t\t\t\t\t\t\t<\/div>\n\t\t\t\t<\/div>\n\t\t\t\t<div class=\"elementor-element elementor-element-8d47f52 elementor-widget elementor-widget-text-editor\" data-id=\"8d47f52\" data-element_type=\"widget\" data-e-type=\"widget\" data-widget_type=\"text-editor.default\">\n\t\t\t\t<div class=\"elementor-widget-container\">\n\t\t\t\t\t\t\t\t\t<h6><b>Hol l\u00e1tod a<\/b><b> J\u00e1r\u00f3kel\u0151t \u2013 \u00e9s benne saj\u00e1t magadat \u2013 mondjuk h\u00e1rom \u00e9v m\u00falva, az \u00e9vtized v\u00e9ge fel\u00e9 k\u00f6zeledve?<\/b><\/h6><p><span style=\"font-weight: 400;\">A J\u00e1r\u00f3kel\u0151 olyan min\u0151s\u00e9g\u0171 tud\u00e1sb\u00e1zist \u00e9p\u00edtett fel a m\u0171k\u00f6d\u00e9se sor\u00e1n, ami komoly \u00e9rt\u00e9ket k\u00e9pvisel. \u00d6r\u00f6mmel l\u00e1tom \u00fagy a J\u00e1r\u00f3kel\u0151t 3 \u00e9v m\u00falva, hogy ez az \u00e9rt\u00e9k a m\u0171k\u00f6d\u00e9si stabilit\u00e1sban, a munkav\u00e1llal\u00f3i b\u00e9rekben is \u00fagy van elismerve, hogy azt az \u00e9letsz\u00ednvonalat tudjuk megadni \u00e1ltala magunknak, ami piaci alapon is el\u00e9rhet\u0151 lenne ezen elhivatott szakmai k\u00f6rnek.\u00a0<\/span><\/p>\t\t\t\t\t\t\t\t<\/div>\n\t\t\t\t<\/div>\n\t\t\t\t<div class=\"elementor-element elementor-element-b3062d6 elementor-widget elementor-widget-text-editor\" data-id=\"b3062d6\" data-element_type=\"widget\" data-e-type=\"widget\" data-widget_type=\"text-editor.default\">\n\t\t\t\t<div class=\"elementor-widget-container\">\n\t\t\t\t\t\t\t\t\t<h6><b>Mit \u00fczenn\u00e9l \u00fatraval\u00f3ul azoknak a friss \u00f6nk\u00e9nteseknek, akik most kezdik az \u00fcgykezel\u00e9st, tal\u00e1n \u00e9pp a te kor\u00e1bbi helyeden?<\/b><\/h6><p><span style=\"font-weight: 400;\">\u00c9lvezz\u00e9k, hogy van hat\u00e1suk a v\u00e1rosra, mer\u00fcljenek el a csapatban, tanuljanak a v\u00e1ros m\u0171k\u00f6d\u00e9s\u00e9r\u0151l, form\u00e1lj\u00e1k a szeml\u00e9let\u00fcket, \u00e9rts\u00e9k egyre jobban, hogy hogyan m\u0171k\u00f6dik a v\u00e1ros, aminek a r\u00e9szei.\u00a0<\/span><\/p>\t\t\t\t\t\t\t\t<\/div>\n\t\t\t\t<\/div>\n\t\t\t\t<div class=\"elementor-element elementor-element-82cef36 elementor-widget-divider--view-line elementor-widget elementor-widget-divider\" data-id=\"82cef36\" data-element_type=\"widget\" data-e-type=\"widget\" data-widget_type=\"divider.default\">\n\t\t\t\t<div class=\"elementor-widget-container\">\n\t\t\t\t\t\t\t<div class=\"elementor-divider\">\n\t\t\t<span class=\"elementor-divider-separator\">\n\t\t\t\t\t\t<\/span>\n\t\t<\/div>\n\t\t\t\t\t\t<\/div>\n\t\t\t\t<\/div>\n\t\t\t\t<div class=\"elementor-element elementor-element-c9b2f41 elementor-widget elementor-widget-text-editor\" data-id=\"c9b2f41\" data-element_type=\"widget\" data-e-type=\"widget\" data-widget_type=\"text-editor.default\">\n\t\t\t\t<div class=\"elementor-widget-container\">\n\t\t\t\t\t\t\t\t\t<h6>T\u00f6r\u0151dsz a k\u00f6rnyezeteddel \u00e9s szeretn\u00e9l hozz\u00e1j\u00e1rulni, hogy a lak\u00f3helyed tiszt\u00e1bb, rendezettebb, biztons\u00e1gosabb \u00e9s szebb legyen?<\/h6><h6><a href=\"https:\/\/jarokelo.hu\/csatlakozz\" target=\"_blank\" rel=\"noopener\">Akkor csatlakozz a J\u00e1r\u00f3kel\u0151 csapat\u00e1hoz, \u00e9s jelentkezz te is \u00f6nk\u00e9ntesnek!<\/a><\/h6>\t\t\t\t\t\t\t\t<\/div>\n\t\t\t\t<\/div>\n\t\t\t\t\t<\/div>\n\t\t<\/div>\n\t\t\t\t\t<\/div>\n\t\t<\/section>\n\t\t\t\t<\/div>\n\t\t","protected":false},"excerpt":{"rendered":"<p>Kriszta projektmenedzser, szervezetfejleszt\u0151, aki 2018 \u0151sze \u00f3ta a J\u00e1r\u00f3kel\u0151 \u00f6nk\u00e9ntese, az \u00fcgykezel\u00e9s ut\u00e1n pedig j\u00faniust\u00f3l projektmenedzserk\u00e9nt er\u0151s\u00edti csapatunkat. Kriszta a J\u00e1r\u00f3kel\u0151 mellett sz\u00e1mos, els\u0151sorban budapesti \u00fcgyben is \u00f6nk\u00e9nteskedik. Ha h\u00e1rom sz\u00f3ban kellene jellemezned magad, mik lenn\u00e9nek azok, \u00e9s ebb\u0151l melyik tulajdons\u00e1godnak vetted a legt\u00f6bb haszn\u00e1t az \u00fcgykezel\u00e9s sor\u00e1n? Elk\u00f6telezetts\u00e9g, eredm\u00e9nyorient\u00e1ci\u00f3, kreativit\u00e1s. Az elk\u00f6telezetts\u00e9gre volt, van [&hellip;]<\/p>\n","protected":false},"author":23,"featured_media":18701690,"comment_status":"closed","ping_status":"open","sticky":false,"template":"","format":"standard","meta":{"footnotes":""},"categories":[687],"tags":[],"class_list":["post-18701688","post","type-post","status-publish","format-standard","has-post-thumbnail","hentry","category-interju"],"yoast_head":"<!-- This site is optimized with the Yoast SEO plugin v27.8 - https:\/\/yoast.com\/product\/yoast-seo-wordpress\/ -->\n<title>Csapathoz tartoz\u00e1s, j\u00f3 \u00fcgy\u00e9rt dolgoz\u00e1s \u00e9s hogy minden egyes gombnyom\u00e1ssal egy szebb, \u00e9lhet\u0151bb v\u00e1ros\u00e9rt dolgozhatok. - Interj\u00fa Szalai Kriszta projektmenedzserrel - J\u00e1r\u00f3kel\u0151 blog<\/title>\n<meta name=\"robots\" content=\"index, follow, max-snippet:-1, max-image-preview:large, max-video-preview:-1\" \/>\n<link rel=\"canonical\" href=\"https:\/\/jarokelo.hu\/blog\/szalai-kriszta-interju\/\" \/>\n<meta property=\"og:locale\" content=\"hu_HU\" \/>\n<meta property=\"og:type\" content=\"article\" \/>\n<meta property=\"og:title\" content=\"Csapathoz tartoz\u00e1s, j\u00f3 \u00fcgy\u00e9rt dolgoz\u00e1s \u00e9s hogy minden egyes gombnyom\u00e1ssal egy szebb, \u00e9lhet\u0151bb v\u00e1ros\u00e9rt dolgozhatok. - Interj\u00fa Szalai Kriszta projektmenedzserrel - J\u00e1r\u00f3kel\u0151 blog\" \/>\n<meta property=\"og:description\" content=\"Kriszta projektmenedzser, szervezetfejleszt\u0151, aki 2018 \u0151sze \u00f3ta a J\u00e1r\u00f3kel\u0151 \u00f6nk\u00e9ntese, az \u00fcgykezel\u00e9s ut\u00e1n pedig j\u00faniust\u00f3l projektmenedzserk\u00e9nt er\u0151s\u00edti csapatunkat. Kriszta a J\u00e1r\u00f3kel\u0151 mellett sz\u00e1mos, els\u0151sorban budapesti \u00fcgyben is \u00f6nk\u00e9nteskedik. Ha h\u00e1rom sz\u00f3ban kellene jellemezned magad, mik lenn\u00e9nek azok, \u00e9s ebb\u0151l melyik tulajdons\u00e1godnak vetted a legt\u00f6bb haszn\u00e1t az \u00fcgykezel\u00e9s sor\u00e1n? Elk\u00f6telezetts\u00e9g, eredm\u00e9nyorient\u00e1ci\u00f3, kreativit\u00e1s. Az elk\u00f6telezetts\u00e9gre volt, van [&hellip;]\" \/>\n<meta property=\"og:url\" content=\"https:\/\/jarokelo.hu\/blog\/szalai-kriszta-interju\/\" \/>\n<meta property=\"og:site_name\" content=\"J\u00e1r\u00f3kel\u0151 blog\" \/>\n<meta property=\"article:published_time\" content=\"2026-08-28T12:39:27+00:00\" \/>\n<meta property=\"article:modified_time\" content=\"2026-08-28T12:47:12+00:00\" \/>\n<meta property=\"og:image\" content=\"https:\/\/jarokelo.hu\/blog\/wp-content\/uploads\/2026\/08\/Kriszta_kicsi_004.jpg\" \/>\n\t<meta property=\"og:image:width\" content=\"2048\" \/>\n\t<meta property=\"og:image:height\" content=\"1365\" \/>\n\t<meta property=\"og:image:type\" content=\"image\/jpeg\" \/>\n<meta name=\"author\" content=\"jarokelo\" \/>\n<meta name=\"twitter:card\" content=\"summary_large_image\" \/>\n<meta name=\"twitter:label1\" content=\"Szerz\u0151:\" \/>\n\t<meta name=\"twitter:data1\" content=\"jarokelo\" \/>\n\t<meta name=\"twitter:label2\" content=\"Becs\u00fclt olvas\u00e1si id\u0151\" \/>\n\t<meta name=\"twitter:data2\" content=\"5 perc\" \/>\n<script type=\"application\/ld+json\" class=\"yoast-schema-graph\">{\"@context\":\"https:\\\/\\\/schema.org\",\"@graph\":[{\"@type\":\"Article\",\"@id\":\"https:\\\/\\\/jarokelo.hu\\\/blog\\\/szalai-kriszta-interju\\\/#article\",\"isPartOf\":{\"@id\":\"https:\\\/\\\/jarokelo.hu\\\/blog\\\/szalai-kriszta-interju\\\/\"},\"author\":{\"name\":\"jarokelo\",\"@id\":\"https:\\\/\\\/jarokelo.hu\\\/blog\\\/#\\\/schema\\\/person\\\/0855629f3cb6ef673f8ea7dbaae44162\"},\"headline\":\"Csapathoz tartoz\u00e1s, j\u00f3 \u00fcgy\u00e9rt dolgoz\u00e1s \u00e9s hogy minden egyes gombnyom\u00e1ssal egy szebb, \u00e9lhet\u0151bb v\u00e1ros\u00e9rt dolgozhatok. &#8211; Interj\u00fa Szalai Kriszta projektmenedzserrel\",\"datePublished\":\"2026-08-28T12:39:27+00:00\",\"dateModified\":\"2026-08-28T12:47:12+00:00\",\"mainEntityOfPage\":{\"@id\":\"https:\\\/\\\/jarokelo.hu\\\/blog\\\/szalai-kriszta-interju\\\/\"},\"wordCount\":1199,\"image\":{\"@id\":\"https:\\\/\\\/jarokelo.hu\\\/blog\\\/szalai-kriszta-interju\\\/#primaryimage\"},\"thumbnailUrl\":\"https:\\\/\\\/jarokelo.hu\\\/blog\\\/wp-content\\\/uploads\\\/2026\\\/08\\\/Kriszta_kicsi_004.jpg\",\"articleSection\":[\"Interj\u00fak\"],\"inLanguage\":\"hu\"},{\"@type\":\"WebPage\",\"@id\":\"https:\\\/\\\/jarokelo.hu\\\/blog\\\/szalai-kriszta-interju\\\/\",\"url\":\"https:\\\/\\\/jarokelo.hu\\\/blog\\\/szalai-kriszta-interju\\\/\",\"name\":\"Csapathoz tartoz\u00e1s, j\u00f3 \u00fcgy\u00e9rt dolgoz\u00e1s \u00e9s hogy minden egyes gombnyom\u00e1ssal egy szebb, \u00e9lhet\u0151bb v\u00e1ros\u00e9rt dolgozhatok. - Interj\u00fa Szalai Kriszta projektmenedzserrel - J\u00e1r\u00f3kel\u0151 blog\",\"isPartOf\":{\"@id\":\"https:\\\/\\\/jarokelo.hu\\\/blog\\\/#website\"},\"primaryImageOfPage\":{\"@id\":\"https:\\\/\\\/jarokelo.hu\\\/blog\\\/szalai-kriszta-interju\\\/#primaryimage\"},\"image\":{\"@id\":\"https:\\\/\\\/jarokelo.hu\\\/blog\\\/szalai-kriszta-interju\\\/#primaryimage\"},\"thumbnailUrl\":\"https:\\\/\\\/jarokelo.hu\\\/blog\\\/wp-content\\\/uploads\\\/2026\\\/08\\\/Kriszta_kicsi_004.jpg\",\"datePublished\":\"2026-08-28T12:39:27+00:00\",\"dateModified\":\"2026-08-28T12:47:12+00:00\",\"author\":{\"@id\":\"https:\\\/\\\/jarokelo.hu\\\/blog\\\/#\\\/schema\\\/person\\\/0855629f3cb6ef673f8ea7dbaae44162\"},\"breadcrumb\":{\"@id\":\"https:\\\/\\\/jarokelo.hu\\\/blog\\\/szalai-kriszta-interju\\\/#breadcrumb\"},\"inLanguage\":\"hu\",\"potentialAction\":[{\"@type\":\"ReadAction\",\"target\":[\"https:\\\/\\\/jarokelo.hu\\\/blog\\\/szalai-kriszta-interju\\\/\"]}]},{\"@type\":\"ImageObject\",\"inLanguage\":\"hu\",\"@id\":\"https:\\\/\\\/jarokelo.hu\\\/blog\\\/szalai-kriszta-interju\\\/#primaryimage\",\"url\":\"https:\\\/\\\/jarokelo.hu\\\/blog\\\/wp-content\\\/uploads\\\/2026\\\/08\\\/Kriszta_kicsi_004.jpg\",\"contentUrl\":\"https:\\\/\\\/jarokelo.hu\\\/blog\\\/wp-content\\\/uploads\\\/2026\\\/08\\\/Kriszta_kicsi_004.jpg\",\"width\":2048,\"height\":1365},{\"@type\":\"BreadcrumbList\",\"@id\":\"https:\\\/\\\/jarokelo.hu\\\/blog\\\/szalai-kriszta-interju\\\/#breadcrumb\",\"itemListElement\":[{\"@type\":\"ListItem\",\"position\":1,\"name\":\"Kezd\u0151lap\",\"item\":\"https:\\\/\\\/jarokelo.hu\\\/blog\\\/\"},{\"@type\":\"ListItem\",\"position\":2,\"name\":\"Csapathoz tartoz\u00e1s, j\u00f3 \u00fcgy\u00e9rt dolgoz\u00e1s \u00e9s hogy minden egyes gombnyom\u00e1ssal egy szebb, \u00e9lhet\u0151bb v\u00e1ros\u00e9rt dolgozhatok. &#8211; Interj\u00fa Szalai Kriszta projektmenedzserrel\"}]},{\"@type\":\"WebSite\",\"@id\":\"https:\\\/\\\/jarokelo.hu\\\/blog\\\/#website\",\"url\":\"https:\\\/\\\/jarokelo.hu\\\/blog\\\/\",\"name\":\"J\u00e1r\u00f3kel\u0151 blog\",\"description\":\"\",\"potentialAction\":[{\"@type\":\"SearchAction\",\"target\":{\"@type\":\"EntryPoint\",\"urlTemplate\":\"https:\\\/\\\/jarokelo.hu\\\/blog\\\/?s={search_term_string}\"},\"query-input\":{\"@type\":\"PropertyValueSpecification\",\"valueRequired\":true,\"valueName\":\"search_term_string\"}}],\"inLanguage\":\"hu\"},{\"@type\":\"Person\",\"@id\":\"https:\\\/\\\/jarokelo.hu\\\/blog\\\/#\\\/schema\\\/person\\\/0855629f3cb6ef673f8ea7dbaae44162\",\"name\":\"jarokelo\",\"image\":{\"@type\":\"ImageObject\",\"inLanguage\":\"hu\",\"@id\":\"https:\\\/\\\/secure.gravatar.com\\\/avatar\\\/67c06dbae0168ef7b1c7a4ae626e972b42c3e1884054edc3ada6af150f55a68a?s=96&d=mm&r=g\",\"url\":\"https:\\\/\\\/secure.gravatar.com\\\/avatar\\\/67c06dbae0168ef7b1c7a4ae626e972b42c3e1884054edc3ada6af150f55a68a?s=96&d=mm&r=g\",\"contentUrl\":\"https:\\\/\\\/secure.gravatar.com\\\/avatar\\\/67c06dbae0168ef7b1c7a4ae626e972b42c3e1884054edc3ada6af150f55a68a?s=96&d=mm&r=g\",\"caption\":\"jarokelo\"},\"url\":\"https:\\\/\\\/jarokelo.hu\\\/blog\\\/author\\\/jarokelo\\\/\"}]}<\/script>\n<!-- \/ Yoast SEO plugin. -->","yoast_head_json":{"title":"Csapathoz tartoz\u00e1s, j\u00f3 \u00fcgy\u00e9rt dolgoz\u00e1s \u00e9s hogy minden egyes gombnyom\u00e1ssal egy szebb, \u00e9lhet\u0151bb v\u00e1ros\u00e9rt dolgozhatok. - Interj\u00fa Szalai Kriszta projektmenedzserrel - J\u00e1r\u00f3kel\u0151 blog","robots":{"index":"index","follow":"follow","max-snippet":"max-snippet:-1","max-image-preview":"max-image-preview:large","max-video-preview":"max-video-preview:-1"},"canonical":"https:\/\/jarokelo.hu\/blog\/szalai-kriszta-interju\/","og_locale":"hu_HU","og_type":"article","og_title":"Csapathoz tartoz\u00e1s, j\u00f3 \u00fcgy\u00e9rt dolgoz\u00e1s \u00e9s hogy minden egyes gombnyom\u00e1ssal egy szebb, \u00e9lhet\u0151bb v\u00e1ros\u00e9rt dolgozhatok. - Interj\u00fa Szalai Kriszta projektmenedzserrel - J\u00e1r\u00f3kel\u0151 blog","og_description":"Kriszta projektmenedzser, szervezetfejleszt\u0151, aki 2018 \u0151sze \u00f3ta a J\u00e1r\u00f3kel\u0151 \u00f6nk\u00e9ntese, az \u00fcgykezel\u00e9s ut\u00e1n pedig j\u00faniust\u00f3l projektmenedzserk\u00e9nt er\u0151s\u00edti csapatunkat. Kriszta a J\u00e1r\u00f3kel\u0151 mellett sz\u00e1mos, els\u0151sorban budapesti \u00fcgyben is \u00f6nk\u00e9nteskedik. Ha h\u00e1rom sz\u00f3ban kellene jellemezned magad, mik lenn\u00e9nek azok, \u00e9s ebb\u0151l melyik tulajdons\u00e1godnak vetted a legt\u00f6bb haszn\u00e1t az \u00fcgykezel\u00e9s sor\u00e1n? Elk\u00f6telezetts\u00e9g, eredm\u00e9nyorient\u00e1ci\u00f3, kreativit\u00e1s. Az elk\u00f6telezetts\u00e9gre volt, van [&hellip;]","og_url":"https:\/\/jarokelo.hu\/blog\/szalai-kriszta-interju\/","og_site_name":"J\u00e1r\u00f3kel\u0151 blog","article_published_time":"2026-08-28T12:39:27+00:00","article_modified_time":"2026-08-28T12:47:12+00:00","og_image":[{"width":2048,"height":1365,"url":"https:\/\/jarokelo.hu\/blog\/wp-content\/uploads\/2026\/08\/Kriszta_kicsi_004.jpg","type":"image\/jpeg"}],"author":"jarokelo","twitter_card":"summary_large_image","twitter_misc":{"Szerz\u0151:":"jarokelo","Becs\u00fclt olvas\u00e1si id\u0151":"5 perc"},"schema":{"@context":"https:\/\/schema.org","@graph":[{"@type":"Article","@id":"https:\/\/jarokelo.hu\/blog\/szalai-kriszta-interju\/#article","isPartOf":{"@id":"https:\/\/jarokelo.hu\/blog\/szalai-kriszta-interju\/"},"author":{"name":"jarokelo","@id":"https:\/\/jarokelo.hu\/blog\/#\/schema\/person\/0855629f3cb6ef673f8ea7dbaae44162"},"headline":"Csapathoz tartoz\u00e1s, j\u00f3 \u00fcgy\u00e9rt dolgoz\u00e1s \u00e9s hogy minden egyes gombnyom\u00e1ssal egy szebb, \u00e9lhet\u0151bb v\u00e1ros\u00e9rt dolgozhatok. &#8211; Interj\u00fa Szalai Kriszta projektmenedzserrel","datePublished":"2026-08-28T12:39:27+00:00","dateModified":"2026-08-28T12:47:12+00:00","mainEntityOfPage":{"@id":"https:\/\/jarokelo.hu\/blog\/szalai-kriszta-interju\/"},"wordCount":1199,"image":{"@id":"https:\/\/jarokelo.hu\/blog\/szalai-kriszta-interju\/#primaryimage"},"thumbnailUrl":"https:\/\/jarokelo.hu\/blog\/wp-content\/uploads\/2026\/08\/Kriszta_kicsi_004.jpg","articleSection":["Interj\u00fak"],"inLanguage":"hu"},{"@type":"WebPage","@id":"https:\/\/jarokelo.hu\/blog\/szalai-kriszta-interju\/","url":"https:\/\/jarokelo.hu\/blog\/szalai-kriszta-interju\/","name":"Csapathoz tartoz\u00e1s, j\u00f3 \u00fcgy\u00e9rt dolgoz\u00e1s \u00e9s hogy minden egyes gombnyom\u00e1ssal egy szebb, \u00e9lhet\u0151bb v\u00e1ros\u00e9rt dolgozhatok. - Interj\u00fa Szalai Kriszta projektmenedzserrel - J\u00e1r\u00f3kel\u0151 blog","isPartOf":{"@id":"https:\/\/jarokelo.hu\/blog\/#website"},"primaryImageOfPage":{"@id":"https:\/\/jarokelo.hu\/blog\/szalai-kriszta-interju\/#primaryimage"},"image":{"@id":"https:\/\/jarokelo.hu\/blog\/szalai-kriszta-interju\/#primaryimage"},"thumbnailUrl":"https:\/\/jarokelo.hu\/blog\/wp-content\/uploads\/2026\/08\/Kriszta_kicsi_004.jpg","datePublished":"2026-08-28T12:39:27+00:00","dateModified":"2026-08-28T12:47:12+00:00","author":{"@id":"https:\/\/jarokelo.hu\/blog\/#\/schema\/person\/0855629f3cb6ef673f8ea7dbaae44162"},"breadcrumb":{"@id":"https:\/\/jarokelo.hu\/blog\/szalai-kriszta-interju\/#breadcrumb"},"inLanguage":"hu","potentialAction":[{"@type":"ReadAction","target":["https:\/\/jarokelo.hu\/blog\/szalai-kriszta-interju\/"]}]},{"@type":"ImageObject","inLanguage":"hu","@id":"https:\/\/jarokelo.hu\/blog\/szalai-kriszta-interju\/#primaryimage","url":"https:\/\/jarokelo.hu\/blog\/wp-content\/uploads\/2026\/08\/Kriszta_kicsi_004.jpg","contentUrl":"https:\/\/jarokelo.hu\/blog\/wp-content\/uploads\/2026\/08\/Kriszta_kicsi_004.jpg","width":2048,"height":1365},{"@type":"BreadcrumbList","@id":"https:\/\/jarokelo.hu\/blog\/szalai-kriszta-interju\/#breadcrumb","itemListElement":[{"@type":"ListItem","position":1,"name":"Kezd\u0151lap","item":"https:\/\/jarokelo.hu\/blog\/"},{"@type":"ListItem","position":2,"name":"Csapathoz tartoz\u00e1s, j\u00f3 \u00fcgy\u00e9rt dolgoz\u00e1s \u00e9s hogy minden egyes gombnyom\u00e1ssal egy szebb, \u00e9lhet\u0151bb v\u00e1ros\u00e9rt dolgozhatok. &#8211; Interj\u00fa Szalai Kriszta projektmenedzserrel"}]},{"@type":"WebSite","@id":"https:\/\/jarokelo.hu\/blog\/#website","url":"https:\/\/jarokelo.hu\/blog\/","name":"J\u00e1r\u00f3kel\u0151 blog","description":"","potentialAction":[{"@type":"SearchAction","target":{"@type":"EntryPoint","urlTemplate":"https:\/\/jarokelo.hu\/blog\/?s={search_term_string}"},"query-input":{"@type":"PropertyValueSpecification","valueRequired":true,"valueName":"search_term_string"}}],"inLanguage":"hu"},{"@type":"Person","@id":"https:\/\/jarokelo.hu\/blog\/#\/schema\/person\/0855629f3cb6ef673f8ea7dbaae44162","name":"jarokelo","image":{"@type":"ImageObject","inLanguage":"hu","@id":"https:\/\/secure.gravatar.com\/avatar\/67c06dbae0168ef7b1c7a4ae626e972b42c3e1884054edc3ada6af150f55a68a?s=96&d=mm&r=g","url":"https:\/\/secure.gravatar.com\/avatar\/67c06dbae0168ef7b1c7a4ae626e972b42c3e1884054edc3ada6af150f55a68a?s=96&d=mm&r=g","contentUrl":"https:\/\/secure.gravatar.com\/avatar\/67c06dbae0168ef7b1c7a4ae626e972b42c3e1884054edc3ada6af150f55a68a?s=96&d=mm&r=g","caption":"jarokelo"},"url":"https:\/\/jarokelo.hu\/blog\/author\/jarokelo\/"}]}},"_links":{"self":[{"href":"https:\/\/jarokelo.hu\/blog\/wp-json\/wp\/v2\/posts\/18701688","targetHints":{"allow":["GET"]}}],"collection":[{"href":"https:\/\/jarokelo.hu\/blog\/wp-json\/wp\/v2\/posts"}],"about":[{"href":"https:\/\/jarokelo.hu\/blog\/wp-json\/wp\/v2\/types\/post"}],"author":[{"embeddable":true,"href":"https:\/\/jarokelo.hu\/blog\/wp-json\/wp\/v2\/users\/23"}],"replies":[{"embeddable":true,"href":"https:\/\/jarokelo.hu\/blog\/wp-json\/wp\/v2\/comments?post=18701688"}],"version-history":[{"count":7,"href":"https:\/\/jarokelo.hu\/blog\/wp-json\/wp\/v2\/posts\/18701688\/revisions"}],"predecessor-version":[{"id":18701697,"href":"https:\/\/jarokelo.hu\/blog\/wp-json\/wp\/v2\/posts\/18701688\/revisions\/18701697"}],"wp:featuredmedia":[{"embeddable":true,"href":"https:\/\/jarokelo.hu\/blog\/wp-json\/wp\/v2\/media\/18701690"}],"wp:attachment":[{"href":"https:\/\/jarokelo.hu\/blog\/wp-json\/wp\/v2\/media?parent=18701688"}],"wp:term":[{"taxonomy":"category","embeddable":true,"href":"https:\/\/jarokelo.hu\/blog\/wp-json\/wp\/v2\/categories?post=18701688"},{"taxonomy":"post_tag","embeddable":true,"href":"https:\/\/jarokelo.hu\/blog\/wp-json\/wp\/v2\/tags?post=18701688"}],"curies":[{"name":"wp","href":"https:\/\/api.w.org\/{rel}","templated":true}]}}